{"id":1071,"date":"2022-05-25T09:11:28","date_gmt":"2022-05-25T06:11:28","guid":{"rendered":"http:\/\/villakanger.fi\/?p=1071"},"modified":"2022-05-25T09:11:28","modified_gmt":"2022-05-25T06:11:28","slug":"kiitos-talven-ja-kevaan-vieraillemme-3","status":"publish","type":"post","link":"https:\/\/villakanger.fi\/?p=1071","title":{"rendered":"Kiitos Talven ja Kev\u00e4\u00e4n vieraillemme!"},"content":{"rendered":"\n<p>Kiitos j\u00e4lleen kerran talven ja kev\u00e4\u00e4n vieraillemme! Kuusamossa kev\u00e4t on hieman my\u00f6h\u00e4ss\u00e4 ja ihan n\u00e4in\u00e4 p\u00e4ivin\u00e4 ovat j\u00e4rvien j\u00e4\u00e4t alkaneet l\u00e4htem\u00e4\u00e4n. Oheiset kuvat l\u00e4heiselt\u00e4 Kuontij\u00e4rvelt\u00e4, kuvat otettu 25.5.<\/p>\n\n\n\n<figure class=\"wp-block-image size-large is-style-default\"><a href=\"http:\/\/villakanger.fi\/wp-content\/uploads\/2022\/05\/kevat2022-2-2.jpg\"><img loading=\"lazy\" decoding=\"async\" width=\"1024\" height=\"648\" src=\"http:\/\/villakanger.fi\/wp-content\/uploads\/2022\/05\/kevat2022-2-2-1024x648.jpg\" alt=\"\" class=\"wp-image-1073\" srcset=\"https:\/\/villakanger.fi\/wp-content\/uploads\/2022\/05\/kevat2022-2-2-1024x648.jpg 1024w, https:\/\/villakanger.fi\/wp-content\/uploads\/2022\/05\/kevat2022-2-2-300x190.jpg 300w, https:\/\/villakanger.fi\/wp-content\/uploads\/2022\/05\/kevat2022-2-2-768x486.jpg 768w, https:\/\/villakanger.fi\/wp-content\/uploads\/2022\/05\/kevat2022-2-2-1536x971.jpg 1536w, https:\/\/villakanger.fi\/wp-content\/uploads\/2022\/05\/kevat2022-2-2.jpg 2016w\" sizes=\"auto, (max-width: 1024px) 100vw, 1024px\" \/><\/a><\/figure>\n\n\n\n<figure class=\"wp-block-image size-large is-style-default\"><a href=\"http:\/\/villakanger.fi\/wp-content\/uploads\/2022\/05\/kevat2022.jpg\"><img loading=\"lazy\" decoding=\"async\" width=\"1024\" height=\"674\" src=\"http:\/\/villakanger.fi\/wp-content\/uploads\/2022\/05\/kevat2022-1024x674.jpg\" alt=\"\" class=\"wp-image-1066\" srcset=\"https:\/\/villakanger.fi\/wp-content\/uploads\/2022\/05\/kevat2022-1024x674.jpg 1024w, https:\/\/villakanger.fi\/wp-content\/uploads\/2022\/05\/kevat2022-300x197.jpg 300w, https:\/\/villakanger.fi\/wp-content\/uploads\/2022\/05\/kevat2022-768x505.jpg 768w, https:\/\/villakanger.fi\/wp-content\/uploads\/2022\/05\/kevat2022-1536x1011.jpg 1536w, https:\/\/villakanger.fi\/wp-content\/uploads\/2022\/05\/kevat2022.jpg 2015w\" sizes=\"auto, (max-width: 1024px) 100vw, 1024px\" \/><\/a><\/figure>\n","protected":false},"excerpt":{"rendered":"<p>Kiitos j\u00e4lleen kerran talven ja kev\u00e4\u00e4n vieraillemme! Kuusamossa kev\u00e4t on hieman my\u00f6h\u00e4ss\u00e4 ja ihan n\u00e4in\u00e4 p\u00e4ivin\u00e4 ovat j\u00e4rvien j\u00e4\u00e4t alkaneet l\u00e4htem\u00e4\u00e4n. Oheiset kuvat l\u00e4heiselt\u00e4 Kuontij\u00e4rvelt\u00e4, kuvat otettu 25.5.<\/p>\n","protected":false},"author":1,"featured_media":0,"comment_status":"closed","ping_status":"closed","sticky":false,"template":"","format":"standard","meta":{"footnotes":""},"categories":[1],"tags":[],"class_list":["post-1071","post","type-post","status-publish","format-standard","hentry","category-uncategorized"],"_links":{"self":[{"href":"https:\/\/villakanger.fi\/index.php?rest_route=\/wp\/v2\/posts\/1071","targetHints":{"allow":["GET"]}}],"collection":[{"href":"https:\/\/villakanger.fi\/index.php?rest_route=\/wp\/v2\/posts"}],"about":[{"href":"https:\/\/villakanger.fi\/index.php?rest_route=\/wp\/v2\/types\/post"}],"author":[{"embeddable":true,"href":"https:\/\/villakanger.fi\/index.php?rest_route=\/wp\/v2\/users\/1"}],"replies":[{"embeddable":true,"href":"https:\/\/villakanger.fi\/index.php?rest_route=%2Fwp%2Fv2%2Fcomments&post=1071"}],"version-history":[{"count":2,"href":"https:\/\/villakanger.fi\/index.php?rest_route=\/wp\/v2\/posts\/1071\/revisions"}],"predecessor-version":[{"id":1074,"href":"https:\/\/villakanger.fi\/index.php?rest_route=\/wp\/v2\/posts\/1071\/revisions\/1074"}],"wp:attachment":[{"href":"https:\/\/villakanger.fi\/index.php?rest_route=%2Fwp%2Fv2%2Fmedia&parent=1071"}],"wp:term":[{"taxonomy":"category","embeddable":true,"href":"https:\/\/villakanger.fi\/index.php?rest_route=%2Fwp%2Fv2%2Fcategories&post=1071"},{"taxonomy":"post_tag","embeddable":true,"href":"https:\/\/villakanger.fi\/index.php?rest_route=%2Fwp%2Fv2%2Ftags&post=1071"}],"curies":[{"name":"wp","href":"https:\/\/api.w.org\/{rel}","templated":true}]}}