{"id":1044,"date":"2021-11-30T08:26:13","date_gmt":"2021-11-30T06:26:13","guid":{"rendered":"http:\/\/villakanger.fi\/?p=1044"},"modified":"2021-11-30T08:37:34","modified_gmt":"2021-11-30T06:37:34","slug":"lammin-kiitos-kesan-ja-syksyn-vieraillemme","status":"publish","type":"post","link":"https:\/\/villakanger.fi\/?p=1044","title":{"rendered":"L\u00e4mmin kiitos kes\u00e4n ja syksyn vieraillemme!"},"content":{"rendered":"\n<p> Kiitos kes\u00e4n ja syksyn vieraillemme, toivomme ett\u00e4 olette viihtyneet! Talvi tulee v\u00e4hitellen, lunta meill\u00e4 on jo jonkin verran ja pakkanen lujittaa hyv\u00e4\u00e4 vauhtia j\u00e4\u00e4t kantaviksi.<\/p>\n\n\n\n<figure class=\"wp-block-image size-large is-resized\"><img loading=\"lazy\" decoding=\"async\" src=\"http:\/\/villakanger.fi\/wp-content\/uploads\/2021\/11\/20211128_153135-2-edited-1024x575.jpg\" alt=\"\" class=\"wp-image-1048\" width=\"667\" height=\"375\" srcset=\"https:\/\/villakanger.fi\/wp-content\/uploads\/2021\/11\/20211128_153135-2-edited-1024x575.jpg 1024w, https:\/\/villakanger.fi\/wp-content\/uploads\/2021\/11\/20211128_153135-2-edited-300x169.jpg 300w, https:\/\/villakanger.fi\/wp-content\/uploads\/2021\/11\/20211128_153135-2-edited-768x432.jpg 768w, https:\/\/villakanger.fi\/wp-content\/uploads\/2021\/11\/20211128_153135-2-edited-1536x863.jpg 1536w, https:\/\/villakanger.fi\/wp-content\/uploads\/2021\/11\/20211128_153135-2-edited-2048x1151.jpg 2048w\" sizes=\"auto, (max-width: 667px) 100vw, 667px\" \/><\/figure>\n\n\n\n<div class=\"wp-block-columns is-layout-flex wp-container-core-columns-is-layout-9d6595d7 wp-block-columns-is-layout-flex\">\n<div class=\"wp-block-column is-layout-flow wp-block-column-is-layout-flow\" style=\"flex-basis:100%\">\n<div class=\"wp-block-columns is-layout-flex wp-container-core-columns-is-layout-9d6595d7 wp-block-columns-is-layout-flex\">\n<div class=\"wp-block-column is-layout-flow wp-block-column-is-layout-flow\" style=\"flex-basis:100%\"><\/div>\n<\/div>\n<\/div>\n<\/div>\n\n\n\n<p><\/p>\n","protected":false},"excerpt":{"rendered":"<p>Kiitos kes\u00e4n ja syksyn vieraillemme, toivomme ett\u00e4 olette viihtyneet! Talvi tulee v\u00e4hitellen, lunta meill\u00e4 on jo jonkin verran ja pakkanen lujittaa hyv\u00e4\u00e4 vauhtia j\u00e4\u00e4t kantaviksi.<\/p>\n","protected":false},"author":1,"featured_media":0,"comment_status":"closed","ping_status":"closed","sticky":false,"template":"","format":"standard","meta":{"footnotes":""},"categories":[1],"tags":[],"class_list":["post-1044","post","type-post","status-publish","format-standard","hentry","category-uncategorized"],"_links":{"self":[{"href":"https:\/\/villakanger.fi\/index.php?rest_route=\/wp\/v2\/posts\/1044","targetHints":{"allow":["GET"]}}],"collection":[{"href":"https:\/\/villakanger.fi\/index.php?rest_route=\/wp\/v2\/posts"}],"about":[{"href":"https:\/\/villakanger.fi\/index.php?rest_route=\/wp\/v2\/types\/post"}],"author":[{"embeddable":true,"href":"https:\/\/villakanger.fi\/index.php?rest_route=\/wp\/v2\/users\/1"}],"replies":[{"embeddable":true,"href":"https:\/\/villakanger.fi\/index.php?rest_route=%2Fwp%2Fv2%2Fcomments&post=1044"}],"version-history":[{"count":11,"href":"https:\/\/villakanger.fi\/index.php?rest_route=\/wp\/v2\/posts\/1044\/revisions"}],"predecessor-version":[{"id":1070,"href":"https:\/\/villakanger.fi\/index.php?rest_route=\/wp\/v2\/posts\/1044\/revisions\/1070"}],"wp:attachment":[{"href":"https:\/\/villakanger.fi\/index.php?rest_route=%2Fwp%2Fv2%2Fmedia&parent=1044"}],"wp:term":[{"taxonomy":"category","embeddable":true,"href":"https:\/\/villakanger.fi\/index.php?rest_route=%2Fwp%2Fv2%2Fcategories&post=1044"},{"taxonomy":"post_tag","embeddable":true,"href":"https:\/\/villakanger.fi\/index.php?rest_route=%2Fwp%2Fv2%2Ftags&post=1044"}],"curies":[{"name":"wp","href":"https:\/\/api.w.org\/{rel}","templated":true}]}}